{"id":3786,"date":"2021-06-17T08:56:08","date_gmt":"2021-06-17T08:56:08","guid":{"rendered":"https:\/\/www.formaticbarcelona.com\/?p=3786"},"modified":"2021-06-23T08:58:36","modified_gmt":"2021-06-23T08:58:36","slug":"perfil-del-relaciones-publicas","status":"publish","type":"post","link":"https:\/\/www.formaticbarcelona.com\/es\/perfil-del-relaciones-publicas\/","title":{"rendered":"\u00bfCu\u00e1l es el perfil del relaciones p\u00fablicas?"},"content":{"rendered":"<div class=\"boxWhite resumePost\">\n<div class=\"resumePostBody lpLine\">\n<div class=\"formRow ng-binding\">\n<p>Para ser un buen relaciones p\u00fablicas necesitas mucho m\u00e1s que tener don de gentes y facilidad de palabra. Aunque\u00a0<strong>existen diversas funciones dentro de este puesto<\/strong>\u00a0(desde quien reparte\u00a0<em>flyers<\/em>\u00a0en las discotecas hasta el que se encarga de crear v\u00ednculos con el p\u00fablico, organizaciones e instituciones en una gran multinacional), debes saber cu\u00e1les son los conocimientos requeridos para ser un buen\u00a0<strong>profesional de la comunicaci\u00f3n<\/strong>. En este art\u00edculo te contamos cu\u00e1les son. \u00a1Empezamos!<\/p>\n<p><strong>A QUE SE DEDICA UN RELACIONES P\u00daBLICAS<\/strong><\/p>\n<p>La\u00a0<em>Public Society of America<\/em>\u00a0define las relaciones p\u00fablicas como el \u201c<strong>proceso de comunicaci\u00f3n estrat\u00e9gica que construye relaciones mutuamente ventajosas entre las organizaciones y sus respectivos p\u00fablicos<\/strong>\u201d.<\/p>\n<p>Una de las funciones principales de un RRPP es\u00a0<strong>analizar la organizaci\u00f3n a fondo<\/strong>, ver cu\u00e1les son sus virtudes, sus posibilidades\u2026 De esta manera, conseguiremos hacernos una idea global para saber transmitir al p\u00fablico los valores y la imagen de la empresa de la mejor manera posible.<\/p>\n<p>Hoy en d\u00eda es impensable que una compa\u00f1\u00eda no cuente en su equipo con un\u00a0<strong>perfil de relaciones p\u00fablicas<\/strong>. \u00bfPero por qu\u00e9 es indispensable? Hablamos de la persona que\u00a0<strong>concentra todas las demandas de comunicaci\u00f3n<\/strong>\u00a0que afectan a la empresa. Ya sea para\u00a0<strong>mantener y proteger<\/strong>\u00a0una buena reputaci\u00f3n lograda con esfuerzo como para\u00a0<strong>solventar situaciones<\/strong>\u00a0en las que el prestigio est\u00e1 en juego. Por este motivo, fortalecer los v\u00ednculos con el p\u00fablico ser\u00e1 siempre nuestra carrera de fondo personal.<\/p>\n<p>A continuaci\u00f3n, te contamos cu\u00e1les son las actividades clave de un RRPP:<\/p>\n<p><strong>ELABORA UN PLAN DE COMUNICACI\u00d3N PARA LA EMPRESA<\/strong><\/p>\n<p>Otra de las responsabilidades de un relaciones p\u00fablicas es\u00a0<strong>dise\u00f1ar el plan de comunicaci\u00f3n interno y externo de la empresa<\/strong>. Por tanto, y como te hemos mencionado anteriormente, necesitamos saberlo todo sobre la compa\u00f1\u00eda en la que trabajamos (objetivos, valores, servicios\u2026) para plasmarlo correctamente en nuestra planificaci\u00f3n.<\/p>\n<p>\u00bfC\u00f3mo lo conseguimos? Necesitaremos\u00a0<strong>sacar el mayor rendimiento del equipo de comunicaci\u00f3n<\/strong>\u00a0y que tanto publicidad, dise\u00f1o,\u00a0<em>marketing<\/em>\u00a0y periodistas trabajen todos a una y remando en la misma direcci\u00f3n.<\/p>\n<p>Como puedes intuir, un RRPP no realiza todas las funciones que hemos mencionado. Sin embargo, es recomendable conocerlas para\u00a0<strong>poder coordinar al equipo eficientemente<\/strong>.<\/p>\n<p><strong>REALIZA LOS COMUNICADOS DE PRENSA<\/strong><\/p>\n<p>Normalmente,<strong>\u00a0empleamos los comunicados de prensa para dar a conocer un nuevo servicio<\/strong>, posicionar nuestra marca en el mercado, mantenernos en boca de la gente\u2026 Aunque en muchas ocasiones echamos mano de ellos para\u00a0<strong>aclarar controversias<\/strong>, matizar informaciones o, en definitiva, responder a un evento anterior.<\/p>\n<p>Cualquiera que sea el motivo,\u00a0<strong>es fundamental tener todo estudiado\u00a0<\/strong>al dedillo. Debemos elegir las palabras cuidadosamente, el tono de voz que vamos a usar, la persona que lo comunique y hasta el momento en el que lo vamos a hacer. Un comunicado mal hecho puede provocar reacciones adversas, malentendidos y desembocar en una crisis en la compa\u00f1\u00eda.<\/p>\n<p><strong>SE ENCARGA DE GESTIONAR LOS EVENTOS DE LA EMPRESA<\/strong><\/p>\n<p>Como relacionistas p\u00fablicos,\u00a0<strong>debemos encargarnos de realizar y gestionar los eventos de la empresa<\/strong>\u00a0(tanto internos como externos) y cumplir los diversos objetivos para los que fueron dise\u00f1ados.<\/p>\n<p><strong>ANALIZA EL MERCADO<\/strong><\/p>\n<p>Para saber c\u00f3mo tratar a tu audiencia, primero debes entender c\u00f3mo funciona e interact\u00faa. Para ello, se antoja imprescindible realizar una investigaci\u00f3n pormenorizada del mercado con la ayuda de profesionales y otros equipos. Una buena investigaci\u00f3n nos descubrir\u00e1<strong>\u00a0cu\u00e1les son las tendencias actuales del mercado y con qu\u00e9 p\u00fablico estamos tratando<\/strong>.<\/p>\n<p><strong>GESTIONA LOS CONTACTOS Y LAS RELACIONES<\/strong><\/p>\n<p><strong>Las compa\u00f1\u00edas se relacionan con varios grupos de personas<\/strong>\u00a0a los que denominamos audiencias.<\/p>\n<p>\u00bfQu\u00e9 grupos existen?<\/p>\n<p><strong>Comunidad interna<\/strong>: Los empleados.<\/p>\n<p><strong>Comunidad externa<\/strong>: Incluye a clientes potenciales, consumidores habituales, fan\u00e1ticos de los productos y todos aquellos que se relacionen de alguna manera con la organizaci\u00f3n.<\/p>\n<p><strong>Medios de comunicaci\u00f3n<\/strong>: Engloba los veh\u00edculos de comunicaci\u00f3n y los equipos humanos que los conforman.<\/p>\n<p><strong>CREA CONTENIDOS<\/strong><\/p>\n<p>Como puedes imaginar,\u00a0<strong>la creaci\u00f3n de contenidos tambi\u00e9n es una tarea habitual del <a href=\"https:\/\/www.formaticbarcelona.com\/es\/?post_type=study&#038;p=2265\">relaciones p\u00fablicas<\/a><\/strong>. Como buenos RRPP manejamos el lenguaje apropiado, conocemos los mejores trucos para posicionar la marca y lo transmitimos todo a trav\u00e9s de los distintos canales, internos y externos.<\/p>\n<p><strong>CONTROLA LA CRISIS<\/strong><\/p>\n<p>Errar es humano y en las compa\u00f1\u00edas es sin\u00f3nimo de cr\u00edticas y crisis (sean externas o internas).\u00a0<strong>Debemos estar preparados para reaccionar ante los contratiempos<\/strong>\u00a0con rapidez y as\u00ed controlar los da\u00f1os ocasionados y minimizar las consecuencias.<\/p>\n<p><strong>APRENDE A LIDIAR CON LAS OPINIONES Y CRITICAS<\/strong><\/p>\n<p><strong>Internet da voz a cada uno de los clientes\u00a0<\/strong>que quiere expresar sus opiniones acerca de la empresa. Evidentemente, los comentarios positivos nos refuerzan y es algo f\u00e1cil de gestionar. No obstante, son las respuestas negativas las que requieren un esfuerzo extra por los problemas que pueden ocasionar.<\/p>\n<p>A pesar de que las redes sociales nos permiten crecer en audiencia de forma r\u00e1pida, tambi\u00e9n generan<strong>\u00a0la necesidad de acortar los tiempos de respuesta<\/strong>. Adem\u00e1s, si lo sumamos al cuidado que debemos tener constantemente con el lenguaje y tono empleados, esto complica todav\u00eda m\u00e1s nuestra tarea.<\/p>\n<p>Que no te enga\u00f1en, aceptar las cr\u00edticas y solucionar los problemas que puedan surgir de ellas no es nada sencillo.<\/p>\n<p><strong>EL PERFIL DEL RELACIONES PUBLICAS IDONEO<\/strong><\/p>\n<p>Un buen RRPP debe estar preparado para gestionar la informaci\u00f3n y transmitirla de manera eficiente al mayor n\u00famero de personas. Si quieres conocer las cualidades que debe reunir, permanece atento.<\/p>\n<p><strong>Capacidad de persuasi\u00f3n y comunicaci\u00f3n<\/strong>: Las empresas y los medios reciben cientos de boletines y comunicados a diario. Por lo tanto, debes conseguir diferenciarte y hacer todo lo posible para captar su atenci\u00f3n.<\/p>\n<p><strong>Resistencia<\/strong>: Como relacionista p\u00fablico, tienes que ser fuerte y aprender a aguantar los golpes. Las cosas no siempre van bien.<\/p>\n<p><strong>Omnipresencia:<\/strong> Aunque no necesitas ser el maestro en todo, s\u00ed es recomendable tener nociones b\u00e1sicas del \u00e1mbito empresarial. De esta manera, podr\u00e1s realizar y coordinar proyectos adecuadamente.<\/p>\n<p><strong>Destreza en la redacci\u00f3n y en la comunicaci\u00f3n oral:<\/strong> Pese a que no precisas ser el nuevo Cicer\u00f3n, expresarte correctamente en p\u00fablico es esencial para que el mensaje llegue. Del mismo modo con la escritura, ya que ser\u00e1 el medio principal en el que te comuniques con tu audiencia.<\/p>\n<p><strong>Habilidad para la investigaci\u00f3n<\/strong>: No puede ocurrir nada interno o externo a la empresa sin que te des cuenta.<\/p>\n<p>Si necesitas saber m\u00e1s sobre c\u00f3mo llegar a ser\u00a0<strong>un gran profesional de la comunicaci\u00f3n<\/strong>, en\u00a0<a href=\"https:\/\/www.formaticbarcelona.com\/es\/?post_type=study&#038;p=2265\"><strong>EUFB<\/strong><\/a> estamos a tu disposici\u00f3n. Te facilitaremos asesoramiento sin compromiso alguno.<\/p>\n<\/div>\n<\/div>\n<\/div>\n","protected":false},"excerpt":{"rendered":"<p>Para ser un buen relaciones p\u00fablicas necesitas mucho m\u00e1s que tener don de gentes y facilidad de palabra. Aunque\u00a0existen diversas funciones dentro de este puesto\u00a0(desde quien reparte\u00a0flyers\u00a0en las discotecas hasta el que se encarga de crear v\u00ednculos con el p\u00fablico, organizaciones e instituciones en una gran multinacional), debes saber cu\u00e1les son los conocimientos requeridos para [&hellip;]<\/p>\n","protected":false},"author":4,"featured_media":3804,"comment_status":"open","ping_status":"open","sticky":false,"template":"","format":"standard","meta":{"footnotes":""},"categories":[139,78],"tags":[],"class_list":["post-3786","post","type-post","status-publish","format-standard","has-post-thumbnail","hentry","category-relaciones-publicas","category-noticia-es"],"yoast_head":"<!-- This site is optimized with the Yoast SEO plugin v24.8.1 - https:\/\/yoast.com\/wordpress\/plugins\/seo\/ -->\n<title>\u00bfCu\u00e1l es el perfil del relaciones p\u00fablicas? | Escuela Universitaria Formatic Barcelona<\/title>\n<meta name=\"description\" content=\"Estudiar Relaciones p\u00fablicas y Comunicaci\u00f3n en FORMATIC BARCELON, tu escuela universit\u00e0ria en Barcelona ciudad.\" \/>\n<meta name=\"robots\" content=\"index, follow, max-snippet:-1, max-image-preview:large, max-video-preview:-1\" \/>\n<link rel=\"canonical\" href=\"https:\/\/www.formaticbarcelona.com\/es\/perfil-del-relaciones-publicas\/\" \/>\n<meta property=\"og:locale\" content=\"es_ES\" \/>\n<meta property=\"og:type\" content=\"article\" \/>\n<meta property=\"og:title\" content=\"\u00bfCu\u00e1l es el perfil del relaciones p\u00fablicas? | Escuela Universitaria Formatic Barcelona\" \/>\n<meta property=\"og:description\" content=\"Estudiar Relaciones p\u00fablicas y Comunicaci\u00f3n en FORMATIC BARCELON, tu escuela universit\u00e0ria en Barcelona ciudad.\" \/>\n<meta property=\"og:url\" content=\"https:\/\/www.formaticbarcelona.com\/es\/perfil-del-relaciones-publicas\/\" \/>\n<meta property=\"og:site_name\" content=\"Escuela Universitaria Formatic Barcelona\" \/>\n<meta property=\"article:publisher\" content=\"https:\/\/www.facebook.com\/escola.barna\" \/>\n<meta property=\"article:published_time\" content=\"2021-06-17T08:56:08+00:00\" \/>\n<meta property=\"article:modified_time\" content=\"2021-06-23T08:58:36+00:00\" \/>\n<meta property=\"og:image\" content=\"https:\/\/www.formaticbarcelona.com\/wp-content\/uploads\/2021\/06\/estudiar-relaciones-publicas-2.jpg\" \/>\n\t<meta property=\"og:image:width\" content=\"1600\" \/>\n\t<meta property=\"og:image:height\" content=\"1200\" \/>\n\t<meta property=\"og:image:type\" content=\"image\/jpeg\" \/>\n<meta name=\"author\" content=\"FORMATIC BARCELONA\" \/>\n<meta name=\"twitter:card\" content=\"summary_large_image\" \/>\n<meta name=\"twitter:creator\" content=\"@formaticbarna\" \/>\n<meta name=\"twitter:site\" content=\"@formaticbarna\" \/>\n<meta name=\"twitter:label1\" content=\"Escrito por\" \/>\n\t<meta name=\"twitter:data1\" content=\"FORMATIC BARCELONA\" \/>\n\t<meta name=\"twitter:label2\" content=\"Tiempo de lectura\" \/>\n\t<meta name=\"twitter:data2\" content=\"5 minutos\" \/>\n<script type=\"application\/ld+json\" class=\"yoast-schema-graph\">{\"@context\":\"https:\/\/schema.org\",\"@graph\":[{\"@type\":\"WebPage\",\"@id\":\"https:\/\/www.formaticbarcelona.com\/es\/perfil-del-relaciones-publicas\/\",\"url\":\"https:\/\/www.formaticbarcelona.com\/es\/perfil-del-relaciones-publicas\/\",\"name\":\"\u00bfCu\u00e1l es el perfil del relaciones p\u00fablicas? | Escuela Universitaria Formatic Barcelona\",\"isPartOf\":{\"@id\":\"https:\/\/www.formaticbarcelona.com\/es\/#website\"},\"primaryImageOfPage\":{\"@id\":\"https:\/\/www.formaticbarcelona.com\/es\/perfil-del-relaciones-publicas\/#primaryimage\"},\"image\":{\"@id\":\"https:\/\/www.formaticbarcelona.com\/es\/perfil-del-relaciones-publicas\/#primaryimage\"},\"thumbnailUrl\":\"https:\/\/www.formaticbarcelona.com\/wp-content\/uploads\/2021\/06\/estudiar-relaciones-publicas-2.jpg\",\"datePublished\":\"2021-06-17T08:56:08+00:00\",\"dateModified\":\"2021-06-23T08:58:36+00:00\",\"author\":{\"@id\":\"https:\/\/www.formaticbarcelona.com\/es\/#\/schema\/person\/83e2d6cc3e0c6492ddd326ff9c6d2f7b\"},\"description\":\"Estudiar Relaciones p\u00fablicas y Comunicaci\u00f3n en FORMATIC BARCELON, tu escuela universit\u00e0ria en Barcelona ciudad.\",\"breadcrumb\":{\"@id\":\"https:\/\/www.formaticbarcelona.com\/es\/perfil-del-relaciones-publicas\/#breadcrumb\"},\"inLanguage\":\"es\",\"potentialAction\":[{\"@type\":\"ReadAction\",\"target\":[\"https:\/\/www.formaticbarcelona.com\/es\/perfil-del-relaciones-publicas\/\"]}]},{\"@type\":\"ImageObject\",\"inLanguage\":\"es\",\"@id\":\"https:\/\/www.formaticbarcelona.com\/es\/perfil-del-relaciones-publicas\/#primaryimage\",\"url\":\"https:\/\/www.formaticbarcelona.com\/wp-content\/uploads\/2021\/06\/estudiar-relaciones-publicas-2.jpg\",\"contentUrl\":\"https:\/\/www.formaticbarcelona.com\/wp-content\/uploads\/2021\/06\/estudiar-relaciones-publicas-2.jpg\",\"width\":\"1600\",\"height\":\"1200\",\"caption\":\"estudiar relaciones publicas\"},{\"@type\":\"BreadcrumbList\",\"@id\":\"https:\/\/www.formaticbarcelona.com\/es\/perfil-del-relaciones-publicas\/#breadcrumb\",\"itemListElement\":[{\"@type\":\"ListItem\",\"position\":1,\"name\":\"Portada\",\"item\":\"https:\/\/www.formaticbarcelona.com\/es\/\"},{\"@type\":\"ListItem\",\"position\":2,\"name\":\"\u00bfCu\u00e1l es el perfil del relaciones p\u00fablicas?\"}]},{\"@type\":\"WebSite\",\"@id\":\"https:\/\/www.formaticbarcelona.com\/es\/#website\",\"url\":\"https:\/\/www.formaticbarcelona.com\/es\/\",\"name\":\"Escuela Universitaria Formatic Barcelona\",\"description\":\"Estudios de Grado y Dobles Grados \u2013 M\u00e1ster \u2013 Ciclos Formativos de Grado Superior \u2013 Cursos de Tripulante de Cabina de Pasajeros en Barcelona y de Azafatas de Vuelo\",\"potentialAction\":[{\"@type\":\"SearchAction\",\"target\":{\"@type\":\"EntryPoint\",\"urlTemplate\":\"https:\/\/www.formaticbarcelona.com\/es\/?s={search_term_string}\"},\"query-input\":{\"@type\":\"PropertyValueSpecification\",\"valueRequired\":true,\"valueName\":\"search_term_string\"}}],\"inLanguage\":\"es\"},{\"@type\":\"Person\",\"@id\":\"https:\/\/www.formaticbarcelona.com\/es\/#\/schema\/person\/83e2d6cc3e0c6492ddd326ff9c6d2f7b\",\"name\":\"FORMATIC BARCELONA\",\"image\":{\"@type\":\"ImageObject\",\"inLanguage\":\"es\",\"@id\":\"https:\/\/www.formaticbarcelona.com\/es\/#\/schema\/person\/image\/\",\"url\":\"https:\/\/secure.gravatar.com\/avatar\/05175dad1874823b7b9101278fc7f2651d8cb257fce8bba121e8ec2b8621ea1d?s=96&d=mm&r=g\",\"contentUrl\":\"https:\/\/secure.gravatar.com\/avatar\/05175dad1874823b7b9101278fc7f2651d8cb257fce8bba121e8ec2b8621ea1d?s=96&d=mm&r=g\",\"caption\":\"FORMATIC BARCELONA\"},\"url\":\"https:\/\/www.formaticbarcelona.com\/es\/author\/ebmo\/\"}]}<\/script>\n<!-- \/ Yoast SEO plugin. -->","yoast_head_json":{"title":"\u00bfCu\u00e1l es el perfil del relaciones p\u00fablicas? | Escuela Universitaria Formatic Barcelona","description":"Estudiar Relaciones p\u00fablicas y Comunicaci\u00f3n en FORMATIC BARCELON, tu escuela universit\u00e0ria en Barcelona ciudad.","robots":{"index":"index","follow":"follow","max-snippet":"max-snippet:-1","max-image-preview":"max-image-preview:large","max-video-preview":"max-video-preview:-1"},"canonical":"https:\/\/www.formaticbarcelona.com\/es\/perfil-del-relaciones-publicas\/","og_locale":"es_ES","og_type":"article","og_title":"\u00bfCu\u00e1l es el perfil del relaciones p\u00fablicas? | Escuela Universitaria Formatic Barcelona","og_description":"Estudiar Relaciones p\u00fablicas y Comunicaci\u00f3n en FORMATIC BARCELON, tu escuela universit\u00e0ria en Barcelona ciudad.","og_url":"https:\/\/www.formaticbarcelona.com\/es\/perfil-del-relaciones-publicas\/","og_site_name":"Escuela Universitaria Formatic Barcelona","article_publisher":"https:\/\/www.facebook.com\/escola.barna","article_published_time":"2021-06-17T08:56:08+00:00","article_modified_time":"2021-06-23T08:58:36+00:00","og_image":[{"width":1600,"height":1200,"url":"https:\/\/www.formaticbarcelona.com\/wp-content\/uploads\/2021\/06\/estudiar-relaciones-publicas-2.jpg","type":"image\/jpeg"}],"author":"FORMATIC BARCELONA","twitter_card":"summary_large_image","twitter_creator":"@formaticbarna","twitter_site":"@formaticbarna","twitter_misc":{"Escrito por":"FORMATIC BARCELONA","Tiempo de lectura":"5 minutos"},"schema":{"@context":"https:\/\/schema.org","@graph":[{"@type":"WebPage","@id":"https:\/\/www.formaticbarcelona.com\/es\/perfil-del-relaciones-publicas\/","url":"https:\/\/www.formaticbarcelona.com\/es\/perfil-del-relaciones-publicas\/","name":"\u00bfCu\u00e1l es el perfil del relaciones p\u00fablicas? | Escuela Universitaria Formatic Barcelona","isPartOf":{"@id":"https:\/\/www.formaticbarcelona.com\/es\/#website"},"primaryImageOfPage":{"@id":"https:\/\/www.formaticbarcelona.com\/es\/perfil-del-relaciones-publicas\/#primaryimage"},"image":{"@id":"https:\/\/www.formaticbarcelona.com\/es\/perfil-del-relaciones-publicas\/#primaryimage"},"thumbnailUrl":"https:\/\/www.formaticbarcelona.com\/wp-content\/uploads\/2021\/06\/estudiar-relaciones-publicas-2.jpg","datePublished":"2021-06-17T08:56:08+00:00","dateModified":"2021-06-23T08:58:36+00:00","author":{"@id":"https:\/\/www.formaticbarcelona.com\/es\/#\/schema\/person\/83e2d6cc3e0c6492ddd326ff9c6d2f7b"},"description":"Estudiar Relaciones p\u00fablicas y Comunicaci\u00f3n en FORMATIC BARCELON, tu escuela universit\u00e0ria en Barcelona ciudad.","breadcrumb":{"@id":"https:\/\/www.formaticbarcelona.com\/es\/perfil-del-relaciones-publicas\/#breadcrumb"},"inLanguage":"es","potentialAction":[{"@type":"ReadAction","target":["https:\/\/www.formaticbarcelona.com\/es\/perfil-del-relaciones-publicas\/"]}]},{"@type":"ImageObject","inLanguage":"es","@id":"https:\/\/www.formaticbarcelona.com\/es\/perfil-del-relaciones-publicas\/#primaryimage","url":"https:\/\/www.formaticbarcelona.com\/wp-content\/uploads\/2021\/06\/estudiar-relaciones-publicas-2.jpg","contentUrl":"https:\/\/www.formaticbarcelona.com\/wp-content\/uploads\/2021\/06\/estudiar-relaciones-publicas-2.jpg","width":"1600","height":"1200","caption":"estudiar relaciones publicas"},{"@type":"BreadcrumbList","@id":"https:\/\/www.formaticbarcelona.com\/es\/perfil-del-relaciones-publicas\/#breadcrumb","itemListElement":[{"@type":"ListItem","position":1,"name":"Portada","item":"https:\/\/www.formaticbarcelona.com\/es\/"},{"@type":"ListItem","position":2,"name":"\u00bfCu\u00e1l es el perfil del relaciones p\u00fablicas?"}]},{"@type":"WebSite","@id":"https:\/\/www.formaticbarcelona.com\/es\/#website","url":"https:\/\/www.formaticbarcelona.com\/es\/","name":"Escuela Universitaria Formatic Barcelona","description":"Estudios de Grado y Dobles Grados \u2013 M\u00e1ster \u2013 Ciclos Formativos de Grado Superior \u2013 Cursos de Tripulante de Cabina de Pasajeros en Barcelona y de Azafatas de Vuelo","potentialAction":[{"@type":"SearchAction","target":{"@type":"EntryPoint","urlTemplate":"https:\/\/www.formaticbarcelona.com\/es\/?s={search_term_string}"},"query-input":{"@type":"PropertyValueSpecification","valueRequired":true,"valueName":"search_term_string"}}],"inLanguage":"es"},{"@type":"Person","@id":"https:\/\/www.formaticbarcelona.com\/es\/#\/schema\/person\/83e2d6cc3e0c6492ddd326ff9c6d2f7b","name":"FORMATIC BARCELONA","image":{"@type":"ImageObject","inLanguage":"es","@id":"https:\/\/www.formaticbarcelona.com\/es\/#\/schema\/person\/image\/","url":"https:\/\/secure.gravatar.com\/avatar\/05175dad1874823b7b9101278fc7f2651d8cb257fce8bba121e8ec2b8621ea1d?s=96&d=mm&r=g","contentUrl":"https:\/\/secure.gravatar.com\/avatar\/05175dad1874823b7b9101278fc7f2651d8cb257fce8bba121e8ec2b8621ea1d?s=96&d=mm&r=g","caption":"FORMATIC BARCELONA"},"url":"https:\/\/www.formaticbarcelona.com\/es\/author\/ebmo\/"}]}},"_links":{"self":[{"href":"https:\/\/www.formaticbarcelona.com\/es\/wp-json\/wp\/v2\/posts\/3786","targetHints":{"allow":["GET"]}}],"collection":[{"href":"https:\/\/www.formaticbarcelona.com\/es\/wp-json\/wp\/v2\/posts"}],"about":[{"href":"https:\/\/www.formaticbarcelona.com\/es\/wp-json\/wp\/v2\/types\/post"}],"author":[{"embeddable":true,"href":"https:\/\/www.formaticbarcelona.com\/es\/wp-json\/wp\/v2\/users\/4"}],"replies":[{"embeddable":true,"href":"https:\/\/www.formaticbarcelona.com\/es\/wp-json\/wp\/v2\/comments?post=3786"}],"version-history":[{"count":12,"href":"https:\/\/www.formaticbarcelona.com\/es\/wp-json\/wp\/v2\/posts\/3786\/revisions"}],"predecessor-version":[{"id":3807,"href":"https:\/\/www.formaticbarcelona.com\/es\/wp-json\/wp\/v2\/posts\/3786\/revisions\/3807"}],"wp:featuredmedia":[{"embeddable":true,"href":"https:\/\/www.formaticbarcelona.com\/es\/wp-json\/wp\/v2\/media\/3804"}],"wp:attachment":[{"href":"https:\/\/www.formaticbarcelona.com\/es\/wp-json\/wp\/v2\/media?parent=3786"}],"wp:term":[{"taxonomy":"category","embeddable":true,"href":"https:\/\/www.formaticbarcelona.com\/es\/wp-json\/wp\/v2\/categories?post=3786"},{"taxonomy":"post_tag","embeddable":true,"href":"https:\/\/www.formaticbarcelona.com\/es\/wp-json\/wp\/v2\/tags?post=3786"}],"curies":[{"name":"wp","href":"https:\/\/api.w.org\/{rel}","templated":true}]}}