{"id":5476,"date":"2023-05-11T11:06:09","date_gmt":"2023-05-11T11:06:09","guid":{"rendered":"https:\/\/www.formaticbarcelona.com\/?p=5476"},"modified":"2023-05-16T11:20:48","modified_gmt":"2023-05-16T11:20:48","slug":"estrategia-para-el-director-de-comunicacion-y-marketing-master","status":"publish","type":"post","link":"https:\/\/www.formaticbarcelona.com\/es\/estrategia-para-el-director-de-comunicacion-y-marketing-master\/","title":{"rendered":"La importancia de la estrategia para el Director de Comunicaci\u00f3n y Marketing"},"content":{"rendered":"<div class=\"boxWhite resumePost\">\n<div class=\"resumePostBody lpLine\">\n<div class=\"formRow ng-binding\">\n<p>La\u00a0<strong>comunicaci\u00f3n y el marketing<\/strong>\u00a0son dos conceptos que van de la mano. Para poder aplicarlos de manera correcta, se requiere una especializaci\u00f3n en este campo que permita conocer los conceptos clave y las funciones que se deben desarrollar como responsable de esta \u00e1rea. Te explicamos en qu\u00e9 consiste el trabajo de un director de comunicaci\u00f3n.<\/p>\n<p><strong>Director de comunicaci\u00f3n en grandes empresas<\/strong><\/p>\n<p>Un\u00a0<strong>Dircom\u00a0<\/strong>o director de comunicaciones es la persona responsable de encabezar las estrategias de comunicaci\u00f3n de una compa\u00f1\u00eda. Este cargo supone estar al frente de la comunicaci\u00f3n corporativa, tanto a nivel interno como externo.<\/p>\n<p>Este puesto precisa de una persona especializada capaz de asumir responsabilidades y tener una gran capacidad de adaptaci\u00f3n a las circunstancias. Partiendo de esa base, se pueden encontrar una gran variedad de perfiles en funci\u00f3n del sector en el que opere la compa\u00f1\u00eda que necesita de esta figura.<\/p>\n<p>Para poder\u00a0<strong>desarrollar esta labor, es importante contar con la preparaci\u00f3n adecuada<\/strong>. Esta incluye una base s\u00f3lida en gesti\u00f3n empresarial, en relaciones p\u00fablicas o periodismo y una especializaci\u00f3n en comunicaci\u00f3n empresarial.<\/p>\n<p>Gracias a<strong>\u00a0esta formaci\u00f3n, se adquieren habilidades en an\u00e1lisis de situaci\u00f3n y s\u00edntesis,<\/strong>\u00a0para poner en uso las diferentes pautas y estrategias de comunicaci\u00f3n aprendidas. Es importante que esta figura profesional cuente con una capacidad innata de convicci\u00f3n y adaptaci\u00f3n.<\/p>\n<p>Dentro de la empresa, es fundamental que el<strong>\u00a0director de comunicaciones disponga de la autonom\u00eda suficiente para llevar a cabo su labor<\/strong>. Su trabajo repercute, de manera directa, en la estrategia y la imagen de marca de la compa\u00f1\u00eda. No hay que olvidar que sus comunicaciones pueden dirigirse tanto a los clientes como a los accionistas o trabajadores de la compa\u00f1\u00eda. Para poder equilibrar todas estas facetas, debe estar dotado de una gran habilidad para aplicar el tono m\u00e1s adecuado a cada comunicado.<\/p>\n<p><strong>La importancia de la estrategia<\/strong><\/p>\n<p>Dentro del departamento de comunicaci\u00f3n de la empresa, es imprescindible contar con una estrategia. La\u00a0<strong>gesti\u00f3n de la comunicaci\u00f3n empresarial<\/strong>\u00a0es uno de los pilares que aporta seguridad, valor y confianza a la compa\u00f1\u00eda de cara al mercado.<\/p>\n<p>Un plan estrat\u00e9gico requiere de una serie de pasos con los que se busca alcanzar un objetivo concreto. Es por ello que debe desarrollarse de manera eficiente y sosegada para asegurar su \u00e9xito. Gracias a ello, se va a conseguir fortalecer el v\u00ednculo existente entre la marca y los receptores del mensaje.<\/p>\n<p>Para lograr los objetivos fijados, es importante que la comunicaci\u00f3n<strong>\u00a0se realice de una manera adecuada<\/strong>:<\/p>\n<p>-El mensaje debe ser claro, conciso y creativo.<\/p>\n<p>-El formato debe adaptarse a la plataforma en la que va a propagarse. Es decir, resulta esencial que se adapte a las redes sociales, a comunicados de prensa o espacios de v\u00eddeo.<\/p>\n<p>-Debe seguir una estrategia coordinada de todas las comunicaciones y los valores de la compa\u00f1\u00eda.<\/p>\n<p>-Tener claro el p\u00fablico al que va dirigido. Hay que tener en cuenta que no es lo mismo un cliente potencial que uno fiel o un accionista.<\/p>\n<p>-Analizar el impacto de cada comunicado permite pulir y afianzar la estrategia, corrigiendo los diferentes errores que pueda haber.<\/p>\n<p>Disponer de una estrategia es fundamental no solo para garantizar el \u00e9xito. Existen muchos m\u00e1s motivos que hacen<strong>\u00a0clave el dise\u00f1o de este tipo de planes y la necesidad de contar con una persona especializada<\/strong>\u00a0a cargo de los mismos:<\/p>\n<p>-Ayuda a la coordinaci\u00f3n interna de la compa\u00f1\u00eda.<\/p>\n<p>-Aporta una visibilidad de la marca cuidada y bajo unos par\u00e1metros constantes.<\/p>\n<p>-Permite dar a conocer la empresa atrayendo a nuevos clientes.<\/p>\n<p>-Aporta informaci\u00f3n p\u00fablica relevante de una forma eficiente y transparente.<\/p>\n<p>-Genera informaci\u00f3n relevante que puede ser determinante en la toma de decisiones.<\/p>\n<p>-Pone en manos de una sola persona o equipo la transmisi\u00f3n de la informaci\u00f3n para que resulte cohesionada.<\/p>\n<p>-Gestiona las crisis siguiendo una estrategia pautada.<\/p>\n<p>El<strong>\u00a0departamento de comunicaci\u00f3n es fundamental en un mundo globalizado y viral<\/strong>. Al frente, debe situarse una persona con formaci\u00f3n espec\u00edfica, que ser\u00e1 la voz ante cualquier situaci\u00f3n. Si te interesa ejercer esta profesi\u00f3n, es fundamental que cuentes con la formaci\u00f3n adecuada a trav\u00e9s de un m\u00e1ster especializado.<\/p>\n<p><strong>Otras funciones del director de comunicaci\u00f3n<\/strong><\/p>\n<p>Dentro de esta\u00a0<strong>gesti\u00f3n comunicativa, existen una serie de funciones<\/strong>\u00a0que, como director de comunicaci\u00f3n, tienes que llevar a cabo. Todas ellas implican agilidad ante los contratiempos y habilidad para socializar y tejer relaciones que resultan beneficiosas para la compa\u00f1\u00eda.<\/p>\n<p><strong>Identificar la marca a nivel interno<\/strong><\/p>\n<p>Como responsable de la comunicaci\u00f3n interna, un<strong>\u00a0Dircom<\/strong>\u00a0debe ser capaz de<strong>\u00a0transmitir los valores de la marca a todo el personal<\/strong>. Esto implica que los diferentes departamentos sientan la uni\u00f3n hacia un objetivo com\u00fan. Gracias a ello, trabajar\u00e1n en armon\u00eda y codo con codo para lograr alcanzar el \u00e9xito.<\/p>\n<p><strong>Gesti\u00f3n de relaciones propias de la compa\u00f1\u00eda<\/strong><\/p>\n<p>Es el responsable de asegurar las buenas relaciones entre las empresas y los diferentes actores que interact\u00faan con ella a nivel profesional.\u00a0<strong>Proveedores, colaboradores o clientes son solo algunos ejemplos<\/strong>. Es imprescindible que las relaciones sean fluidas y se fomente un sentimiento de organizaci\u00f3n en la que todos son importantes.<\/p>\n<p><strong>Relaciones externas<\/strong><\/p>\n<p>Otro factor relevante es el cultivo de las relaciones externas que precisa la compa\u00f1\u00eda para transmitir su imagen de marca: desde la prensa especializada en el sector, hasta nuevas formas de dar a conocer los productos, como las colaboraciones en redes. Es imprescindible que<strong>\u00a0la relaci\u00f3n sea sana y todos los integrantes resalten los valores de la marca<\/strong>. Gracias a ello, se establecen buenas colaboraciones a largo plazo basadas en el respeto y la integridad.<\/p>\n<p><strong>Vigilar la reputaci\u00f3n empresarial<\/strong><\/p>\n<p>Todo este departamento, con el director al frente, debe vigilar la reputaci\u00f3n actual de la empresa. En un mundo donde<strong>\u00a0la comunicaci\u00f3n es viral e instant\u00e1nea,\u00a0<\/strong>es imprescindible estar al tanto de todo lo que ocurre. Gracias a ello, se conseguir\u00e1 salir al paso de cualquier clase de informaci\u00f3n falsa o negativa de la compa\u00f1\u00eda. La protecci\u00f3n de la marca es una tarea esencial.<\/p>\n<p>Un director de\u00a0<strong>comunicaci\u00f3n y marketing<\/strong>\u00a0debe contar con una serie de habilidades y conocimientos para poder desarrollar su principal tarea: la estrategia de comunicaci\u00f3n. Adem\u00e1s, debe ser capaz de afrontar el resto de funciones que van ligadas a su puesto. \u00bfTe gustar\u00eda adquirir las competencias necesarias para ocupar este cargo? En ese caso, nada mejor que completar tu formaci\u00f3n con un m\u00e1ster especializado.<\/p>\n<p>Si buscas m\u00e1s informaci\u00f3n sobre nuestras formaciones en marketing, puedes solicitar m\u00e1s informaci\u00f3n en el <a href=\"https:\/\/www.formaticbarcelona.com\/es\/contacto\/\">enlace.<\/a>..<\/p>\n<\/div>\n<\/div>\n<\/div>\n<div class=\"boxWhite topGreen nonConformityPost\">\n<div class=\"lpLeft\"><\/div>\n<\/div>\n","protected":false},"excerpt":{"rendered":"<p>La\u00a0comunicaci\u00f3n y el marketing\u00a0son dos conceptos que van de la mano. Para poder aplicarlos de manera correcta, se requiere una especializaci\u00f3n en este campo que permita conocer los conceptos clave y las funciones que se deben desarrollar como responsable de esta \u00e1rea. Te explicamos en qu\u00e9 consiste el trabajo de un director de comunicaci\u00f3n. Director [&hellip;]<\/p>\n","protected":false},"author":4,"featured_media":5480,"comment_status":"open","ping_status":"open","sticky":false,"template":"","format":"standard","meta":{"footnotes":""},"categories":[237,216,211,164],"tags":[146,145,248],"class_list":["post-5476","post","type-post","status-publish","format-standard","has-post-thumbnail","hentry","category-master-2","category-bachelor","category-cfgs","category-grados","tag-comunicacion","tag-marketing","tag-master-en-marketing","study_type-bachelors-es","study_type-masteres","study_type-ciclos-formativos-de-grado-superior","thematic-comunicacion","thematic-empresa-es"],"yoast_head":"<!-- This site is optimized with the Yoast SEO plugin v24.8.1 - https:\/\/yoast.com\/wordpress\/plugins\/seo\/ -->\n<title>Estudiar Marketing y comunicaci\u00f3n en EUFB FORMATIC Barcelona<\/title>\n<meta name=\"description\" content=\"La importancia de la estrategia para el Director de Comunicaci\u00f3n y Marketing - EUFB Escuela Universitaria Formatic Barcelona\" \/>\n<meta name=\"robots\" content=\"index, follow, max-snippet:-1, max-image-preview:large, max-video-preview:-1\" \/>\n<link rel=\"canonical\" href=\"https:\/\/www.formaticbarcelona.com\/es\/estrategia-para-el-director-de-comunicacion-y-marketing-master\/\" \/>\n<meta property=\"og:locale\" content=\"es_ES\" \/>\n<meta property=\"og:type\" content=\"article\" \/>\n<meta property=\"og:title\" content=\"Estudiar Marketing y comunicaci\u00f3n en EUFB FORMATIC Barcelona\" \/>\n<meta property=\"og:description\" content=\"La importancia de la estrategia para el Director de Comunicaci\u00f3n y Marketing - EUFB Escuela Universitaria Formatic Barcelona\" \/>\n<meta property=\"og:url\" content=\"https:\/\/www.formaticbarcelona.com\/es\/estrategia-para-el-director-de-comunicacion-y-marketing-master\/\" \/>\n<meta property=\"og:site_name\" content=\"Escuela Universitaria Formatic Barcelona\" \/>\n<meta property=\"article:publisher\" content=\"https:\/\/www.facebook.com\/escola.barna\" \/>\n<meta property=\"article:published_time\" content=\"2023-05-11T11:06:09+00:00\" \/>\n<meta property=\"article:modified_time\" content=\"2023-05-16T11:20:48+00:00\" \/>\n<meta property=\"og:image\" content=\"https:\/\/www.formaticbarcelona.com\/wp-content\/uploads\/2023\/05\/estrategia-de-marketing.jpg\" \/>\n\t<meta property=\"og:image:width\" content=\"1200\" \/>\n\t<meta property=\"og:image:height\" content=\"675\" \/>\n\t<meta property=\"og:image:type\" content=\"image\/jpeg\" \/>\n<meta name=\"author\" content=\"FORMATIC BARCELONA\" \/>\n<meta name=\"twitter:card\" content=\"summary_large_image\" \/>\n<meta name=\"twitter:creator\" content=\"@formaticbarna\" \/>\n<meta name=\"twitter:site\" content=\"@formaticbarna\" \/>\n<meta name=\"twitter:label1\" content=\"Escrito por\" \/>\n\t<meta name=\"twitter:data1\" content=\"FORMATIC BARCELONA\" \/>\n\t<meta name=\"twitter:label2\" content=\"Tiempo de lectura\" \/>\n\t<meta name=\"twitter:data2\" content=\"5 minutos\" \/>\n<script type=\"application\/ld+json\" class=\"yoast-schema-graph\">{\"@context\":\"https:\/\/schema.org\",\"@graph\":[{\"@type\":\"WebPage\",\"@id\":\"https:\/\/www.formaticbarcelona.com\/es\/estrategia-para-el-director-de-comunicacion-y-marketing-master\/\",\"url\":\"https:\/\/www.formaticbarcelona.com\/es\/estrategia-para-el-director-de-comunicacion-y-marketing-master\/\",\"name\":\"Estudiar Marketing y comunicaci\u00f3n en EUFB FORMATIC Barcelona\",\"isPartOf\":{\"@id\":\"https:\/\/www.formaticbarcelona.com\/es\/#website\"},\"primaryImageOfPage\":{\"@id\":\"https:\/\/www.formaticbarcelona.com\/es\/estrategia-para-el-director-de-comunicacion-y-marketing-master\/#primaryimage\"},\"image\":{\"@id\":\"https:\/\/www.formaticbarcelona.com\/es\/estrategia-para-el-director-de-comunicacion-y-marketing-master\/#primaryimage\"},\"thumbnailUrl\":\"https:\/\/www.formaticbarcelona.com\/wp-content\/uploads\/2023\/05\/estrategia-de-marketing.jpg\",\"datePublished\":\"2023-05-11T11:06:09+00:00\",\"dateModified\":\"2023-05-16T11:20:48+00:00\",\"author\":{\"@id\":\"https:\/\/www.formaticbarcelona.com\/es\/#\/schema\/person\/83e2d6cc3e0c6492ddd326ff9c6d2f7b\"},\"description\":\"La importancia de la estrategia para el Director de Comunicaci\u00f3n y Marketing - EUFB Escuela Universitaria Formatic Barcelona\",\"breadcrumb\":{\"@id\":\"https:\/\/www.formaticbarcelona.com\/es\/estrategia-para-el-director-de-comunicacion-y-marketing-master\/#breadcrumb\"},\"inLanguage\":\"es\",\"potentialAction\":[{\"@type\":\"ReadAction\",\"target\":[\"https:\/\/www.formaticbarcelona.com\/es\/estrategia-para-el-director-de-comunicacion-y-marketing-master\/\"]}]},{\"@type\":\"ImageObject\",\"inLanguage\":\"es\",\"@id\":\"https:\/\/www.formaticbarcelona.com\/es\/estrategia-para-el-director-de-comunicacion-y-marketing-master\/#primaryimage\",\"url\":\"https:\/\/www.formaticbarcelona.com\/wp-content\/uploads\/2023\/05\/estrategia-de-marketing.jpg\",\"contentUrl\":\"https:\/\/www.formaticbarcelona.com\/wp-content\/uploads\/2023\/05\/estrategia-de-marketing.jpg\",\"width\":1200,\"height\":675,\"caption\":\"estrategia de marketing\"},{\"@type\":\"BreadcrumbList\",\"@id\":\"https:\/\/www.formaticbarcelona.com\/es\/estrategia-para-el-director-de-comunicacion-y-marketing-master\/#breadcrumb\",\"itemListElement\":[{\"@type\":\"ListItem\",\"position\":1,\"name\":\"Portada\",\"item\":\"https:\/\/www.formaticbarcelona.com\/es\/\"},{\"@type\":\"ListItem\",\"position\":2,\"name\":\"La importancia de la estrategia para el Director de Comunicaci\u00f3n y Marketing\"}]},{\"@type\":\"WebSite\",\"@id\":\"https:\/\/www.formaticbarcelona.com\/es\/#website\",\"url\":\"https:\/\/www.formaticbarcelona.com\/es\/\",\"name\":\"Escuela Universitaria Formatic Barcelona\",\"description\":\"Estudios de Grado y Dobles Grados \u2013 M\u00e1ster \u2013 Ciclos Formativos de Grado Superior \u2013 Cursos de Tripulante de Cabina de Pasajeros en Barcelona y de Azafatas de Vuelo\",\"potentialAction\":[{\"@type\":\"SearchAction\",\"target\":{\"@type\":\"EntryPoint\",\"urlTemplate\":\"https:\/\/www.formaticbarcelona.com\/es\/?s={search_term_string}\"},\"query-input\":{\"@type\":\"PropertyValueSpecification\",\"valueRequired\":true,\"valueName\":\"search_term_string\"}}],\"inLanguage\":\"es\"},{\"@type\":\"Person\",\"@id\":\"https:\/\/www.formaticbarcelona.com\/es\/#\/schema\/person\/83e2d6cc3e0c6492ddd326ff9c6d2f7b\",\"name\":\"FORMATIC BARCELONA\",\"image\":{\"@type\":\"ImageObject\",\"inLanguage\":\"es\",\"@id\":\"https:\/\/www.formaticbarcelona.com\/es\/#\/schema\/person\/image\/\",\"url\":\"https:\/\/secure.gravatar.com\/avatar\/05175dad1874823b7b9101278fc7f2651d8cb257fce8bba121e8ec2b8621ea1d?s=96&d=mm&r=g\",\"contentUrl\":\"https:\/\/secure.gravatar.com\/avatar\/05175dad1874823b7b9101278fc7f2651d8cb257fce8bba121e8ec2b8621ea1d?s=96&d=mm&r=g\",\"caption\":\"FORMATIC BARCELONA\"},\"url\":\"https:\/\/www.formaticbarcelona.com\/es\/author\/ebmo\/\"}]}<\/script>\n<!-- \/ Yoast SEO plugin. -->","yoast_head_json":{"title":"Estudiar Marketing y comunicaci\u00f3n en EUFB FORMATIC Barcelona","description":"La importancia de la estrategia para el Director de Comunicaci\u00f3n y Marketing - EUFB Escuela Universitaria Formatic Barcelona","robots":{"index":"index","follow":"follow","max-snippet":"max-snippet:-1","max-image-preview":"max-image-preview:large","max-video-preview":"max-video-preview:-1"},"canonical":"https:\/\/www.formaticbarcelona.com\/es\/estrategia-para-el-director-de-comunicacion-y-marketing-master\/","og_locale":"es_ES","og_type":"article","og_title":"Estudiar Marketing y comunicaci\u00f3n en EUFB FORMATIC Barcelona","og_description":"La importancia de la estrategia para el Director de Comunicaci\u00f3n y Marketing - EUFB Escuela Universitaria Formatic Barcelona","og_url":"https:\/\/www.formaticbarcelona.com\/es\/estrategia-para-el-director-de-comunicacion-y-marketing-master\/","og_site_name":"Escuela Universitaria Formatic Barcelona","article_publisher":"https:\/\/www.facebook.com\/escola.barna","article_published_time":"2023-05-11T11:06:09+00:00","article_modified_time":"2023-05-16T11:20:48+00:00","og_image":[{"width":1200,"height":675,"url":"https:\/\/www.formaticbarcelona.com\/wp-content\/uploads\/2023\/05\/estrategia-de-marketing.jpg","type":"image\/jpeg"}],"author":"FORMATIC BARCELONA","twitter_card":"summary_large_image","twitter_creator":"@formaticbarna","twitter_site":"@formaticbarna","twitter_misc":{"Escrito por":"FORMATIC BARCELONA","Tiempo de lectura":"5 minutos"},"schema":{"@context":"https:\/\/schema.org","@graph":[{"@type":"WebPage","@id":"https:\/\/www.formaticbarcelona.com\/es\/estrategia-para-el-director-de-comunicacion-y-marketing-master\/","url":"https:\/\/www.formaticbarcelona.com\/es\/estrategia-para-el-director-de-comunicacion-y-marketing-master\/","name":"Estudiar Marketing y comunicaci\u00f3n en EUFB FORMATIC Barcelona","isPartOf":{"@id":"https:\/\/www.formaticbarcelona.com\/es\/#website"},"primaryImageOfPage":{"@id":"https:\/\/www.formaticbarcelona.com\/es\/estrategia-para-el-director-de-comunicacion-y-marketing-master\/#primaryimage"},"image":{"@id":"https:\/\/www.formaticbarcelona.com\/es\/estrategia-para-el-director-de-comunicacion-y-marketing-master\/#primaryimage"},"thumbnailUrl":"https:\/\/www.formaticbarcelona.com\/wp-content\/uploads\/2023\/05\/estrategia-de-marketing.jpg","datePublished":"2023-05-11T11:06:09+00:00","dateModified":"2023-05-16T11:20:48+00:00","author":{"@id":"https:\/\/www.formaticbarcelona.com\/es\/#\/schema\/person\/83e2d6cc3e0c6492ddd326ff9c6d2f7b"},"description":"La importancia de la estrategia para el Director de Comunicaci\u00f3n y Marketing - EUFB Escuela Universitaria Formatic Barcelona","breadcrumb":{"@id":"https:\/\/www.formaticbarcelona.com\/es\/estrategia-para-el-director-de-comunicacion-y-marketing-master\/#breadcrumb"},"inLanguage":"es","potentialAction":[{"@type":"ReadAction","target":["https:\/\/www.formaticbarcelona.com\/es\/estrategia-para-el-director-de-comunicacion-y-marketing-master\/"]}]},{"@type":"ImageObject","inLanguage":"es","@id":"https:\/\/www.formaticbarcelona.com\/es\/estrategia-para-el-director-de-comunicacion-y-marketing-master\/#primaryimage","url":"https:\/\/www.formaticbarcelona.com\/wp-content\/uploads\/2023\/05\/estrategia-de-marketing.jpg","contentUrl":"https:\/\/www.formaticbarcelona.com\/wp-content\/uploads\/2023\/05\/estrategia-de-marketing.jpg","width":1200,"height":675,"caption":"estrategia de marketing"},{"@type":"BreadcrumbList","@id":"https:\/\/www.formaticbarcelona.com\/es\/estrategia-para-el-director-de-comunicacion-y-marketing-master\/#breadcrumb","itemListElement":[{"@type":"ListItem","position":1,"name":"Portada","item":"https:\/\/www.formaticbarcelona.com\/es\/"},{"@type":"ListItem","position":2,"name":"La importancia de la estrategia para el Director de Comunicaci\u00f3n y Marketing"}]},{"@type":"WebSite","@id":"https:\/\/www.formaticbarcelona.com\/es\/#website","url":"https:\/\/www.formaticbarcelona.com\/es\/","name":"Escuela Universitaria Formatic Barcelona","description":"Estudios de Grado y Dobles Grados \u2013 M\u00e1ster \u2013 Ciclos Formativos de Grado Superior \u2013 Cursos de Tripulante de Cabina de Pasajeros en Barcelona y de Azafatas de Vuelo","potentialAction":[{"@type":"SearchAction","target":{"@type":"EntryPoint","urlTemplate":"https:\/\/www.formaticbarcelona.com\/es\/?s={search_term_string}"},"query-input":{"@type":"PropertyValueSpecification","valueRequired":true,"valueName":"search_term_string"}}],"inLanguage":"es"},{"@type":"Person","@id":"https:\/\/www.formaticbarcelona.com\/es\/#\/schema\/person\/83e2d6cc3e0c6492ddd326ff9c6d2f7b","name":"FORMATIC BARCELONA","image":{"@type":"ImageObject","inLanguage":"es","@id":"https:\/\/www.formaticbarcelona.com\/es\/#\/schema\/person\/image\/","url":"https:\/\/secure.gravatar.com\/avatar\/05175dad1874823b7b9101278fc7f2651d8cb257fce8bba121e8ec2b8621ea1d?s=96&d=mm&r=g","contentUrl":"https:\/\/secure.gravatar.com\/avatar\/05175dad1874823b7b9101278fc7f2651d8cb257fce8bba121e8ec2b8621ea1d?s=96&d=mm&r=g","caption":"FORMATIC BARCELONA"},"url":"https:\/\/www.formaticbarcelona.com\/es\/author\/ebmo\/"}]}},"_links":{"self":[{"href":"https:\/\/www.formaticbarcelona.com\/es\/wp-json\/wp\/v2\/posts\/5476","targetHints":{"allow":["GET"]}}],"collection":[{"href":"https:\/\/www.formaticbarcelona.com\/es\/wp-json\/wp\/v2\/posts"}],"about":[{"href":"https:\/\/www.formaticbarcelona.com\/es\/wp-json\/wp\/v2\/types\/post"}],"author":[{"embeddable":true,"href":"https:\/\/www.formaticbarcelona.com\/es\/wp-json\/wp\/v2\/users\/4"}],"replies":[{"embeddable":true,"href":"https:\/\/www.formaticbarcelona.com\/es\/wp-json\/wp\/v2\/comments?post=5476"}],"version-history":[{"count":4,"href":"https:\/\/www.formaticbarcelona.com\/es\/wp-json\/wp\/v2\/posts\/5476\/revisions"}],"predecessor-version":[{"id":5483,"href":"https:\/\/www.formaticbarcelona.com\/es\/wp-json\/wp\/v2\/posts\/5476\/revisions\/5483"}],"wp:featuredmedia":[{"embeddable":true,"href":"https:\/\/www.formaticbarcelona.com\/es\/wp-json\/wp\/v2\/media\/5480"}],"wp:attachment":[{"href":"https:\/\/www.formaticbarcelona.com\/es\/wp-json\/wp\/v2\/media?parent=5476"}],"wp:term":[{"taxonomy":"category","embeddable":true,"href":"https:\/\/www.formaticbarcelona.com\/es\/wp-json\/wp\/v2\/categories?post=5476"},{"taxonomy":"post_tag","embeddable":true,"href":"https:\/\/www.formaticbarcelona.com\/es\/wp-json\/wp\/v2\/tags?post=5476"}],"curies":[{"name":"wp","href":"https:\/\/api.w.org\/{rel}","templated":true}]}}